{"id":47866,"date":"2023-12-22T08:28:31","date_gmt":"2023-12-22T08:28:31","guid":{"rendered":"https:\/\/tesla-lighting.cz\/?p=47866"},"modified":"2024-01-02T07:11:50","modified_gmt":"2024-01-02T07:11:50","slug":"teslabikar-9-dil-energeticky-stitek","status":"publish","type":"post","link":"https:\/\/tesla-lighting.cz\/en\/teslabikar-9-dil-energeticky-stitek\/","title":{"rendered":"TESLAbik\u00e1\u0159 Volume 9 - Energy label or how to read it."},"content":{"rendered":"<div data-elementor-type=\"wp-post\" data-elementor-id=\"47866\" class=\"elementor elementor-47866\" data-elementor-post-type=\"post\">\n\t\t\t\t\t\t<section class=\"elementor-section elementor-top-section elementor-element elementor-element-eadc2c5 elementor-section-boxed elementor-section-height-default elementor-section-height-default\" data-id=\"eadc2c5\" data-element_type=\"section\" data-e-type=\"section\">\n\t\t\t\t\t\t<div class=\"elementor-container elementor-column-gap-default\">\n\t\t\t\t\t<div class=\"elementor-column elementor-col-100 elementor-top-column elementor-element elementor-element-200542f\" data-id=\"200542f\" data-element_type=\"column\" data-e-type=\"column\">\n\t\t\t<div class=\"elementor-widget-wrap elementor-element-populated\">\n\t\t\t\t\t\t<div class=\"elementor-element elementor-element-01c09d0 elementor-widget elementor-widget-heading\" data-id=\"01c09d0\" data-element_type=\"widget\" data-e-type=\"widget\" data-widget_type=\"heading.default\">\n\t\t\t\t<div class=\"elementor-widget-container\">\n\t\t\t\t\t<h2 class=\"elementor-heading-title elementor-size-default\">TESLAbik\u00e1\u0159 - Energy label<\/h2>\t\t\t\t<\/div>\n\t\t\t\t<\/div>\n\t\t\t\t<div class=\"elementor-element elementor-element-7d3a858 elementor-widget elementor-widget-heading\" data-id=\"7d3a858\" data-element_type=\"widget\" data-e-type=\"widget\" data-widget_type=\"heading.default\">\n\t\t\t\t<div class=\"elementor-widget-container\">\n\t\t\t\t\t<h2 class=\"elementor-heading-title elementor-size-default\">Episode 9 Energy label or how to read it.<\/h2>\t\t\t\t<\/div>\n\t\t\t\t<\/div>\n\t\t\t\t\t<\/div>\n\t\t<\/div>\n\t\t\t\t\t<\/div>\n\t\t<\/section>\n\t\t\t\t<section class=\"elementor-section elementor-top-section elementor-element elementor-element-63fd4e1 elementor-section-boxed elementor-section-height-default elementor-section-height-default\" data-id=\"63fd4e1\" data-element_type=\"section\" data-e-type=\"section\">\n\t\t\t\t\t\t<div class=\"elementor-container elementor-column-gap-default\">\n\t\t\t\t\t<div class=\"elementor-column elementor-col-100 elementor-top-column elementor-element elementor-element-5d12deb\" data-id=\"5d12deb\" data-element_type=\"column\" data-e-type=\"column\">\n\t\t\t<div class=\"elementor-widget-wrap elementor-element-populated\">\n\t\t\t\t\t\t<div class=\"elementor-element elementor-element-e8d4487 elementor-widget elementor-widget-text-editor\" data-id=\"e8d4487\" data-element_type=\"widget\" data-e-type=\"widget\" data-widget_type=\"text-editor.default\">\n\t\t\t\t<div class=\"elementor-widget-container\">\n\t\t\t\t\t\t\t\t\t<p style=\"margin: 0cm; font-size: 12pt; font-family: Calibri, sans-serif; color: #000000;\"><span style=\"font-size: 12pt;\">We've put together a 3-part series on the energy label, also known as the eprel, where we'll look at all the symbols, the latest amendment and help you get to grips with it.\u00a0<\/span><\/p><p style=\"margin: 0cm; font-size: 12pt; font-family: Calibri, sans-serif; color: #000000;\"><span style=\"font-size: 12pt;\">In the opening episode of our series, we take a look at the mysterious world of energy labels that adorn our Tesla bulbs.\u00a0<\/span><span style=\"font-size: 12pt;\">The energy label is a kind of guide to the world of energy. When you buy a light bulb, you are also buying the energy label on the box, which contains key information about its energy efficiency and features.<\/span><\/p><p class=\"MsoNormal\" style=\"margin: 0cm; font-size: 12pt; font-family: Calibri, sans-serif; color: #000000;\">\u00a0<\/p><p style=\"margin: 0cm; font-size: 12pt; font-family: Calibri, sans-serif; color: #000000;\"><span style=\"font-size: 12pt;\">But what do the symbols and numbers on the label actually mean?<\/span><\/p><p style=\"margin: 0cm; font-size: 12pt; font-family: Calibri, sans-serif; color: #000000;\"><span style=\"font-size: 12pt;\">\u00a0<\/span><\/p>\t\t\t\t\t\t\t\t<\/div>\n\t\t\t\t<\/div>\n\t\t\t\t\t<\/div>\n\t\t<\/div>\n\t\t\t\t\t<\/div>\n\t\t<\/section>\n\t\t\t\t<section class=\"elementor-section elementor-top-section elementor-element elementor-element-b0b86d6 elementor-section-boxed elementor-section-height-default elementor-section-height-default\" data-id=\"b0b86d6\" data-element_type=\"section\" data-e-type=\"section\">\n\t\t\t\t\t\t<div class=\"elementor-container elementor-column-gap-default\">\n\t\t\t\t\t<div class=\"elementor-column elementor-col-50 elementor-top-column elementor-element elementor-element-f0b4de6\" data-id=\"f0b4de6\" data-element_type=\"column\" data-e-type=\"column\">\n\t\t\t<div class=\"elementor-widget-wrap elementor-element-populated\">\n\t\t\t\t\t\t<div class=\"elementor-element elementor-element-f45d2a9 elementor-widget elementor-widget-image\" data-id=\"f45d2a9\" data-element_type=\"widget\" data-e-type=\"widget\" data-widget_type=\"image.default\">\n\t\t\t\t<div class=\"elementor-widget-container\">\n\t\t\t\t\t\t\t\t\t\t\t\t\t\t\t<img fetchpriority=\"high\" decoding=\"async\" width=\"176\" height=\"300\" src=\"https:\/\/tesla-lighting.cz\/wp-content\/uploads\/2023\/01\/stitek-176x300.jpg\" class=\"attachment-medium size-medium wp-image-47197\" alt=\"\" srcset=\"https:\/\/tesla-lighting.cz\/wp-content\/uploads\/2023\/01\/stitek-176x300.jpg 176w, https:\/\/tesla-lighting.cz\/wp-content\/uploads\/2023\/01\/stitek.jpg 498w\" sizes=\"(max-width: 176px) 100vw, 176px\" \/>\t\t\t\t\t\t\t\t\t\t\t\t\t\t\t<\/div>\n\t\t\t\t<\/div>\n\t\t\t\t<div class=\"elementor-element elementor-element-1a9b9bc premium-floating-effects-yes elementor-invisible elementor-widget elementor-widget-icon-box\" data-id=\"1a9b9bc\" data-element_type=\"widget\" data-e-type=\"widget\" data-settings=\"{&quot;premium_fe_easing&quot;:&quot;easeInElastic(1, .6)&quot;,&quot;_animation&quot;:&quot;slideInRight&quot;,&quot;premium_fe_trigger&quot;:&quot;load&quot;,&quot;premium_fe_direction&quot;:&quot;alternate&quot;,&quot;premium_fe_loop&quot;:&quot;default&quot;}\" data-widget_type=\"icon-box.default\">\n\t\t\t\t<div class=\"elementor-widget-container\">\n\t\t\t\t\t\t\t<div class=\"elementor-icon-box-wrapper\">\n\n\t\t\t\n\t\t\t\t\t\t<div class=\"elementor-icon-box-content\">\n\n\t\t\t\t\t\t\t\t\t<h3 class=\"elementor-icon-box-title\">\n\t\t\t\t\t\t<span  >\n\t\t\t\t\t\t\tAnnual energy consumption\t\t\t\t\t\t<\/span>\n\t\t\t\t\t<\/h3>\n\t\t\t\t\n\t\t\t\t\t\t\t\t\t<p class=\"elementor-icon-box-description\">\n\t\t\t\t\t\tThere's a number and a pattern in the bottom left corner, who'd bother with that. Of course, now you know it's annual energy consumption (in kWh): how much electricity does a light bulb use in a year? The lower the value, the better. This way you can easily calculate how much the bulb uses in a whole year and what it will cost you.\t\t\t\t\t<\/p>\n\t\t\t\t\n\t\t\t<\/div>\n\t\t\t\n\t\t<\/div>\n\t\t\t\t\t\t<\/div>\n\t\t\t\t<\/div>\n\t\t\t\t<div class=\"elementor-element elementor-element-e1b64c1 elementor-widget elementor-widget-image\" data-id=\"e1b64c1\" data-element_type=\"widget\" data-e-type=\"widget\" data-widget_type=\"image.default\">\n\t\t\t\t<div class=\"elementor-widget-container\">\n\t\t\t\t\t\t\t\t\t\t\t\t\t\t\t<img decoding=\"async\" width=\"300\" height=\"71\" src=\"https:\/\/tesla-lighting.cz\/wp-content\/uploads\/2023\/01\/bikar_logo-300x71.png\" class=\"attachment-medium size-medium wp-image-47133\" alt=\"\" srcset=\"https:\/\/tesla-lighting.cz\/wp-content\/uploads\/2023\/01\/bikar_logo-300x71.png 300w, https:\/\/tesla-lighting.cz\/wp-content\/uploads\/2023\/01\/bikar_logo-600x142.png 600w, https:\/\/tesla-lighting.cz\/wp-content\/uploads\/2023\/01\/bikar_logo.png 610w\" sizes=\"(max-width: 300px) 100vw, 300px\" \/>\t\t\t\t\t\t\t\t\t\t\t\t\t\t\t<\/div>\n\t\t\t\t<\/div>\n\t\t\t\t\t<\/div>\n\t\t<\/div>\n\t\t\t\t<div class=\"elementor-column elementor-col-50 elementor-top-column elementor-element elementor-element-b8ec008\" data-id=\"b8ec008\" data-element_type=\"column\" data-e-type=\"column\">\n\t\t\t<div class=\"elementor-widget-wrap elementor-element-populated\">\n\t\t\t\t\t\t<div class=\"elementor-element elementor-element-97ebe92 elementor-invisible elementor-widget elementor-widget-icon-box\" data-id=\"97ebe92\" data-element_type=\"widget\" data-e-type=\"widget\" data-settings=\"{&quot;_animation&quot;:&quot;slideInLeft&quot;}\" data-widget_type=\"icon-box.default\">\n\t\t\t\t<div class=\"elementor-widget-container\">\n\t\t\t\t\t\t\t<div class=\"elementor-icon-box-wrapper\">\n\n\t\t\t\n\t\t\t\t\t\t<div class=\"elementor-icon-box-content\">\n\n\t\t\t\t\t\t\t\t\t<h3 class=\"elementor-icon-box-title\">\n\t\t\t\t\t\t<span  >\n\t\t\t\t\t\t\tLabel header\t\t\t\t\t\t<\/span>\n\t\t\t\t\t<\/h3>\n\t\t\t\t\n\t\t\t\t\t\t\t\t\t<p class=\"elementor-icon-box-description\">\n\t\t\t\t\t\tRelatively simple for the buyer<br>- The Eprel emblem<br>- Bulb manufacturer<br>- marking of the bulb\t\t\t\t\t<\/p>\n\t\t\t\t\n\t\t\t<\/div>\n\t\t\t\n\t\t<\/div>\n\t\t\t\t\t\t<\/div>\n\t\t\t\t<\/div>\n\t\t\t\t<div class=\"elementor-element elementor-element-2507e99 premium-floating-effects-yes elementor-invisible elementor-widget elementor-widget-icon-box\" data-id=\"2507e99\" data-element_type=\"widget\" data-e-type=\"widget\" data-settings=\"{&quot;premium_fe_easing&quot;:&quot;easeInElastic(1, .6)&quot;,&quot;_animation&quot;:&quot;slideInLeft&quot;,&quot;premium_fe_trigger&quot;:&quot;load&quot;,&quot;premium_fe_direction&quot;:&quot;alternate&quot;,&quot;premium_fe_loop&quot;:&quot;default&quot;}\" data-widget_type=\"icon-box.default\">\n\t\t\t\t<div class=\"elementor-widget-container\">\n\t\t\t\t\t\t\t<div class=\"elementor-icon-box-wrapper\">\n\n\t\t\t\n\t\t\t\t\t\t<div class=\"elementor-icon-box-content\">\n\n\t\t\t\t\t\t\t\t\t<h3 class=\"elementor-icon-box-title\">\n\t\t\t\t\t\t<span  >\n\t\t\t\t\t\t\tEnergy efficiency class\t\t\t\t\t\t<\/span>\n\t\t\t\t\t<\/h3>\n\t\t\t\t\n\t\t\t\t\t\t\t\t\t<p class=\"elementor-icon-box-description\">\n\t\t\t\t\t\tA to G indicates how energy efficient the bulb is. Class A is the most energy efficient, while class G indicates less efficient options.\t\t\t\t\t<\/p>\n\t\t\t\t\n\t\t\t<\/div>\n\t\t\t\n\t\t<\/div>\n\t\t\t\t\t\t<\/div>\n\t\t\t\t<\/div>\n\t\t\t\t<div class=\"elementor-element elementor-element-eb1c57d elementor-invisible elementor-widget elementor-widget-icon-box\" data-id=\"eb1c57d\" data-element_type=\"widget\" data-e-type=\"widget\" data-settings=\"{&quot;_animation&quot;:&quot;slideInRight&quot;}\" data-widget_type=\"icon-box.default\">\n\t\t\t\t<div class=\"elementor-widget-container\">\n\t\t\t\t\t\t\t<div class=\"elementor-icon-box-wrapper\">\n\n\t\t\t\n\t\t\t\t\t\t<div class=\"elementor-icon-box-content\">\n\n\t\t\t\t\t\t\t\t\t<h3 class=\"elementor-icon-box-title\">\n\t\t\t\t\t\t<span  >\n\t\t\t\t\t\t\tQR code\t\t\t\t\t\t<\/span>\n\t\t\t\t\t<\/h3>\n\t\t\t\t\n\t\t\t\t\t\t\t\t\t<p class=\"elementor-icon-box-description\">\n\t\t\t\t\t\tAfter scanning the QR code, it will link you directly to the official website where the entire label is detailed and explained. So you don't have to worry about getting lost.\t\t\t\t\t<\/p>\n\t\t\t\t\n\t\t\t<\/div>\n\t\t\t\n\t\t<\/div>\n\t\t\t\t\t\t<\/div>\n\t\t\t\t<\/div>\n\t\t\t\t\t<\/div>\n\t\t<\/div>\n\t\t\t\t\t<\/div>\n\t\t<\/section>\n\t\t\t\t<section class=\"elementor-section elementor-top-section elementor-element elementor-element-00fca91 elementor-section-boxed elementor-section-height-default elementor-section-height-default\" data-id=\"00fca91\" data-element_type=\"section\" data-e-type=\"section\">\n\t\t\t\t\t\t<div class=\"elementor-container elementor-column-gap-default\">\n\t\t\t\t\t<div class=\"elementor-column elementor-col-100 elementor-top-column elementor-element elementor-element-8990207\" data-id=\"8990207\" data-element_type=\"column\" data-e-type=\"column\">\n\t\t\t<div class=\"elementor-widget-wrap elementor-element-populated\">\n\t\t\t\t\t\t<div class=\"elementor-element elementor-element-f18d58f elementor-widget elementor-widget-text-editor\" data-id=\"f18d58f\" data-element_type=\"widget\" data-e-type=\"widget\" data-widget_type=\"text-editor.default\">\n\t\t\t\t<div class=\"elementor-widget-container\">\n\t\t\t\t\t\t\t\t\t<p>Follow our series and you will have the light in your hands!<\/p>\t\t\t\t\t\t\t\t<\/div>\n\t\t\t\t<\/div>\n\t\t\t\t\t<\/div>\n\t\t<\/div>\n\t\t\t\t\t<\/div>\n\t\t<\/section>\n\t\t\t\t<section class=\"elementor-section elementor-top-section elementor-element elementor-element-16037dd elementor-section-boxed elementor-section-height-default elementor-section-height-default\" data-id=\"16037dd\" data-element_type=\"section\" data-e-type=\"section\">\n\t\t\t\t\t\t<div class=\"elementor-container elementor-column-gap-default\">\n\t\t\t\t\t<div class=\"elementor-column elementor-col-100 elementor-top-column elementor-element elementor-element-42f699d\" data-id=\"42f699d\" data-element_type=\"column\" data-e-type=\"column\">\n\t\t\t<div class=\"elementor-widget-wrap\">\n\t\t\t\t\t\t\t<\/div>\n\t\t<\/div>\n\t\t\t\t\t<\/div>\n\t\t<\/section>\n\t\t\t\t<\/div>","protected":false},"excerpt":{"rendered":"<p>TESLAbik\u00e1\u0159 &#8211; Energetick\u00fd \u0161t\u00edtek 9. d\u00edl Energetick\u00fd \u0161t\u00edtek aneb, jak v n\u011bm \u010d\u00edst. P\u0159ipravili jsme pro V\u00e1s 3-d\u00edln\u00fd seri\u00e1l o energetick\u00e9m \u0161t\u00edtku, zn\u00e1m\u00e9m tak\u00e9 jako eprel, kde se pod\u00edv\u00e1me na v\u0161echny symboly, posledn\u00ed novelu a pom\u016f\u017eeme V\u00e1m se v n\u011bm vyznat.\u00a0 V \u00favodn\u00edm d\u00edle na\u0161eho seri\u00e1lu se pod\u00edv\u00e1me na tajemn\u00fd sv\u011bt energetick\u00fdch \u0161t\u00edtk\u016f, kter\u00e9 zdob\u00ed [&hellip;]<\/p>\n","protected":false},"author":15,"featured_media":47896,"comment_status":"closed","ping_status":"closed","sticky":false,"template":"","format":"standard","meta":{"footnotes":""},"categories":[36],"tags":[],"class_list":["post-47866","post","type-post","status-publish","format-standard","has-post-thumbnail","hentry","category-novinky"],"yoast_head":"<!-- This site is optimized with the Yoast SEO plugin v27.4 - https:\/\/yoast.com\/product\/yoast-seo-wordpress\/ -->\n<title>TESLAbik\u00e1\u0159 9. d\u00edl - Energetick\u00fd \u0161t\u00edtek aneb jak v n\u011bm \u010d\u00edst.<\/title>\n<meta name=\"description\" content=\"Nevyzn\u00e1te se v energetick\u00e9m \u0161t\u00edtku na produktech? V \u010dl\u00e1nku si \u0159ekneme v\u0161e, co pot\u0159ebujete zn\u00e1t, abyste pochopili energetick\u00fd \u0161t\u00edtek.\" \/>\n<meta name=\"robots\" content=\"index, follow, max-snippet:-1, max-image-preview:large, max-video-preview:-1\" \/>\n<link rel=\"canonical\" href=\"https:\/\/tesla-lighting.cz\/en\/teslabikar-9-dil-energeticky-stitek\/\" \/>\n<meta property=\"og:locale\" content=\"en_US\" \/>\n<meta property=\"og:type\" content=\"article\" \/>\n<meta property=\"og:title\" content=\"TESLAbik\u00e1\u0159 9. d\u00edl - Energetick\u00fd \u0161t\u00edtek aneb jak v n\u011bm \u010d\u00edst.\" \/>\n<meta property=\"og:description\" content=\"Nevyzn\u00e1te se v energetick\u00e9m \u0161t\u00edtku na produktech? V \u010dl\u00e1nku si \u0159ekneme v\u0161e, co pot\u0159ebujete zn\u00e1t, abyste pochopili energetick\u00fd \u0161t\u00edtek.\" \/>\n<meta property=\"og:url\" content=\"https:\/\/tesla-lighting.cz\/en\/teslabikar-9-dil-energeticky-stitek\/\" \/>\n<meta property=\"og:site_name\" content=\"Tesla lighting\" \/>\n<meta property=\"article:publisher\" content=\"https:\/\/www.facebook.com\/teslalightingcz\" \/>\n<meta property=\"article:published_time\" content=\"2023-12-22T08:28:31+00:00\" \/>\n<meta property=\"article:modified_time\" content=\"2024-01-02T07:11:50+00:00\" \/>\n<meta property=\"og:image\" content=\"https:\/\/tesla-lighting.cz\/wp-content\/uploads\/2023\/12\/blog_9.jpg\" \/>\n\t<meta property=\"og:image:width\" content=\"1160\" \/>\n\t<meta property=\"og:image:height\" content=\"800\" \/>\n\t<meta property=\"og:image:type\" content=\"image\/jpeg\" \/>\n<meta name=\"author\" content=\"Mat\u011bj Kv\u00ed\u010dala\" \/>\n<meta name=\"twitter:card\" content=\"summary_large_image\" \/>\n<meta name=\"twitter:label1\" content=\"Written by\" \/>\n\t<meta name=\"twitter:data1\" content=\"Mat\u011bj Kv\u00ed\u010dala\" \/>\n\t<meta name=\"twitter:label2\" content=\"Est. reading time\" \/>\n\t<meta name=\"twitter:data2\" content=\"2 minutes\" \/>\n<script type=\"application\/ld+json\" class=\"yoast-schema-graph\">{\"@context\":\"https:\\\/\\\/schema.org\",\"@graph\":[{\"@type\":\"Article\",\"@id\":\"https:\\\/\\\/tesla-lighting.cz\\\/teslabikar-9-dil-energeticky-stitek\\\/#article\",\"isPartOf\":{\"@id\":\"https:\\\/\\\/tesla-lighting.cz\\\/teslabikar-9-dil-energeticky-stitek\\\/\"},\"author\":{\"name\":\"Mat\u011bj Kv\u00ed\u010dala\",\"@id\":\"https:\\\/\\\/tesla-lighting.cz\\\/#\\\/schema\\\/person\\\/379d34659ef246afb9294aead3ee79fd\"},\"headline\":\"TESLAbik\u00e1\u0159 9. d\u00edl &#8211; Energetick\u00fd \u0161t\u00edtek aneb jak v n\u011bm \u010d\u00edst.\",\"datePublished\":\"2023-12-22T08:28:31+00:00\",\"dateModified\":\"2024-01-02T07:11:50+00:00\",\"mainEntityOfPage\":{\"@id\":\"https:\\\/\\\/tesla-lighting.cz\\\/teslabikar-9-dil-energeticky-stitek\\\/\"},\"wordCount\":332,\"publisher\":{\"@id\":\"https:\\\/\\\/tesla-lighting.cz\\\/#organization\"},\"image\":{\"@id\":\"https:\\\/\\\/tesla-lighting.cz\\\/teslabikar-9-dil-energeticky-stitek\\\/#primaryimage\"},\"thumbnailUrl\":\"https:\\\/\\\/tesla-lighting.cz\\\/wp-content\\\/uploads\\\/2023\\\/12\\\/blog_9.jpg\",\"articleSection\":[\"Novinky\"],\"inLanguage\":\"en-US\"},{\"@type\":\"WebPage\",\"@id\":\"https:\\\/\\\/tesla-lighting.cz\\\/teslabikar-9-dil-energeticky-stitek\\\/\",\"url\":\"https:\\\/\\\/tesla-lighting.cz\\\/teslabikar-9-dil-energeticky-stitek\\\/\",\"name\":\"TESLAbik\u00e1\u0159 9. d\u00edl - Energetick\u00fd \u0161t\u00edtek aneb jak v n\u011bm \u010d\u00edst.\",\"isPartOf\":{\"@id\":\"https:\\\/\\\/tesla-lighting.cz\\\/#website\"},\"primaryImageOfPage\":{\"@id\":\"https:\\\/\\\/tesla-lighting.cz\\\/teslabikar-9-dil-energeticky-stitek\\\/#primaryimage\"},\"image\":{\"@id\":\"https:\\\/\\\/tesla-lighting.cz\\\/teslabikar-9-dil-energeticky-stitek\\\/#primaryimage\"},\"thumbnailUrl\":\"https:\\\/\\\/tesla-lighting.cz\\\/wp-content\\\/uploads\\\/2023\\\/12\\\/blog_9.jpg\",\"datePublished\":\"2023-12-22T08:28:31+00:00\",\"dateModified\":\"2024-01-02T07:11:50+00:00\",\"description\":\"Nevyzn\u00e1te se v energetick\u00e9m \u0161t\u00edtku na produktech? V \u010dl\u00e1nku si \u0159ekneme v\u0161e, co pot\u0159ebujete zn\u00e1t, abyste pochopili energetick\u00fd \u0161t\u00edtek.\",\"breadcrumb\":{\"@id\":\"https:\\\/\\\/tesla-lighting.cz\\\/teslabikar-9-dil-energeticky-stitek\\\/#breadcrumb\"},\"inLanguage\":\"en-US\",\"potentialAction\":[{\"@type\":\"ReadAction\",\"target\":[\"https:\\\/\\\/tesla-lighting.cz\\\/teslabikar-9-dil-energeticky-stitek\\\/\"]}]},{\"@type\":\"ImageObject\",\"inLanguage\":\"en-US\",\"@id\":\"https:\\\/\\\/tesla-lighting.cz\\\/teslabikar-9-dil-energeticky-stitek\\\/#primaryimage\",\"url\":\"https:\\\/\\\/tesla-lighting.cz\\\/wp-content\\\/uploads\\\/2023\\\/12\\\/blog_9.jpg\",\"contentUrl\":\"https:\\\/\\\/tesla-lighting.cz\\\/wp-content\\\/uploads\\\/2023\\\/12\\\/blog_9.jpg\",\"width\":1160,\"height\":800},{\"@type\":\"BreadcrumbList\",\"@id\":\"https:\\\/\\\/tesla-lighting.cz\\\/teslabikar-9-dil-energeticky-stitek\\\/#breadcrumb\",\"itemListElement\":[{\"@type\":\"ListItem\",\"position\":1,\"name\":\"Dom\u016f\",\"item\":\"https:\\\/\\\/tesla-lighting.cz\\\/\"},{\"@type\":\"ListItem\",\"position\":2,\"name\":\"TESLAbik\u00e1\u0159 9. d\u00edl &#8211; Energetick\u00fd \u0161t\u00edtek aneb jak v n\u011bm \u010d\u00edst.\"}]},{\"@type\":\"WebSite\",\"@id\":\"https:\\\/\\\/tesla-lighting.cz\\\/#website\",\"url\":\"https:\\\/\\\/tesla-lighting.cz\\\/\",\"name\":\"Tesla lighting\",\"description\":\"Tesla\",\"publisher\":{\"@id\":\"https:\\\/\\\/tesla-lighting.cz\\\/#organization\"},\"potentialAction\":[{\"@type\":\"SearchAction\",\"target\":{\"@type\":\"EntryPoint\",\"urlTemplate\":\"https:\\\/\\\/tesla-lighting.cz\\\/?s={search_term_string}\"},\"query-input\":{\"@type\":\"PropertyValueSpecification\",\"valueRequired\":true,\"valueName\":\"search_term_string\"}}],\"inLanguage\":\"en-US\"},{\"@type\":\"Organization\",\"@id\":\"https:\\\/\\\/tesla-lighting.cz\\\/#organization\",\"name\":\"Tesla lighting\",\"url\":\"https:\\\/\\\/tesla-lighting.cz\\\/\",\"logo\":{\"@type\":\"ImageObject\",\"inLanguage\":\"en-US\",\"@id\":\"https:\\\/\\\/tesla-lighting.cz\\\/#\\\/schema\\\/logo\\\/image\\\/\",\"url\":\"https:\\\/\\\/tesla-lighting.cz\\\/wp-content\\\/uploads\\\/2022\\\/05\\\/TESLA_Lighting_logo.png\",\"contentUrl\":\"https:\\\/\\\/tesla-lighting.cz\\\/wp-content\\\/uploads\\\/2022\\\/05\\\/TESLA_Lighting_logo.png\",\"width\":512,\"height\":251,\"caption\":\"Tesla lighting\"},\"image\":{\"@id\":\"https:\\\/\\\/tesla-lighting.cz\\\/#\\\/schema\\\/logo\\\/image\\\/\"},\"sameAs\":[\"https:\\\/\\\/www.facebook.com\\\/teslalightingcz\",\"https:\\\/\\\/www.instagram.com\\\/teslalightingcz\\\/\",\"https:\\\/\\\/www.linkedin.com\\\/company\\\/tesla-lighting-s-r-o-\\\/\"]},{\"@type\":\"Person\",\"@id\":\"https:\\\/\\\/tesla-lighting.cz\\\/#\\\/schema\\\/person\\\/379d34659ef246afb9294aead3ee79fd\",\"name\":\"Mat\u011bj Kv\u00ed\u010dala\",\"image\":{\"@type\":\"ImageObject\",\"inLanguage\":\"en-US\",\"@id\":\"https:\\\/\\\/secure.gravatar.com\\\/avatar\\\/0703a14ab548368621418ff70471e2088f13b0f643f5baf87a8efc7e4f2d8823?s=96&d=mm&r=g\",\"url\":\"https:\\\/\\\/secure.gravatar.com\\\/avatar\\\/0703a14ab548368621418ff70471e2088f13b0f643f5baf87a8efc7e4f2d8823?s=96&d=mm&r=g\",\"contentUrl\":\"https:\\\/\\\/secure.gravatar.com\\\/avatar\\\/0703a14ab548368621418ff70471e2088f13b0f643f5baf87a8efc7e4f2d8823?s=96&d=mm&r=g\",\"caption\":\"Mat\u011bj Kv\u00ed\u010dala\"},\"url\":\"https:\\\/\\\/tesla-lighting.cz\\\/en\\\/author\\\/kvicala-matejfwgatlantiso-eu\\\/\"}]}<\/script>\n<!-- \/ Yoast SEO plugin. -->","yoast_head_json":{"title":"TESLAbik\u00e1\u0159 9. d\u00edl - Energetick\u00fd \u0161t\u00edtek aneb jak v n\u011bm \u010d\u00edst.","description":"Nevyzn\u00e1te se v energetick\u00e9m \u0161t\u00edtku na produktech? V \u010dl\u00e1nku si \u0159ekneme v\u0161e, co pot\u0159ebujete zn\u00e1t, abyste pochopili energetick\u00fd \u0161t\u00edtek.","robots":{"index":"index","follow":"follow","max-snippet":"max-snippet:-1","max-image-preview":"max-image-preview:large","max-video-preview":"max-video-preview:-1"},"canonical":"https:\/\/tesla-lighting.cz\/en\/teslabikar-9-dil-energeticky-stitek\/","og_locale":"en_US","og_type":"article","og_title":"TESLAbik\u00e1\u0159 9. d\u00edl - Energetick\u00fd \u0161t\u00edtek aneb jak v n\u011bm \u010d\u00edst.","og_description":"Nevyzn\u00e1te se v energetick\u00e9m \u0161t\u00edtku na produktech? V \u010dl\u00e1nku si \u0159ekneme v\u0161e, co pot\u0159ebujete zn\u00e1t, abyste pochopili energetick\u00fd \u0161t\u00edtek.","og_url":"https:\/\/tesla-lighting.cz\/en\/teslabikar-9-dil-energeticky-stitek\/","og_site_name":"Tesla lighting","article_publisher":"https:\/\/www.facebook.com\/teslalightingcz","article_published_time":"2023-12-22T08:28:31+00:00","article_modified_time":"2024-01-02T07:11:50+00:00","og_image":[{"width":1160,"height":800,"url":"https:\/\/tesla-lighting.cz\/wp-content\/uploads\/2023\/12\/blog_9.jpg","type":"image\/jpeg"}],"author":"Mat\u011bj Kv\u00ed\u010dala","twitter_card":"summary_large_image","twitter_misc":{"Written by":"Mat\u011bj Kv\u00ed\u010dala","Est. reading time":"2 minutes"},"schema":{"@context":"https:\/\/schema.org","@graph":[{"@type":"Article","@id":"https:\/\/tesla-lighting.cz\/teslabikar-9-dil-energeticky-stitek\/#article","isPartOf":{"@id":"https:\/\/tesla-lighting.cz\/teslabikar-9-dil-energeticky-stitek\/"},"author":{"name":"Mat\u011bj Kv\u00ed\u010dala","@id":"https:\/\/tesla-lighting.cz\/#\/schema\/person\/379d34659ef246afb9294aead3ee79fd"},"headline":"TESLAbik\u00e1\u0159 9. d\u00edl &#8211; Energetick\u00fd \u0161t\u00edtek aneb jak v n\u011bm \u010d\u00edst.","datePublished":"2023-12-22T08:28:31+00:00","dateModified":"2024-01-02T07:11:50+00:00","mainEntityOfPage":{"@id":"https:\/\/tesla-lighting.cz\/teslabikar-9-dil-energeticky-stitek\/"},"wordCount":332,"publisher":{"@id":"https:\/\/tesla-lighting.cz\/#organization"},"image":{"@id":"https:\/\/tesla-lighting.cz\/teslabikar-9-dil-energeticky-stitek\/#primaryimage"},"thumbnailUrl":"https:\/\/tesla-lighting.cz\/wp-content\/uploads\/2023\/12\/blog_9.jpg","articleSection":["Novinky"],"inLanguage":"en-US"},{"@type":"WebPage","@id":"https:\/\/tesla-lighting.cz\/teslabikar-9-dil-energeticky-stitek\/","url":"https:\/\/tesla-lighting.cz\/teslabikar-9-dil-energeticky-stitek\/","name":"TESLAbik\u00e1\u0159 9. d\u00edl - Energetick\u00fd \u0161t\u00edtek aneb jak v n\u011bm \u010d\u00edst.","isPartOf":{"@id":"https:\/\/tesla-lighting.cz\/#website"},"primaryImageOfPage":{"@id":"https:\/\/tesla-lighting.cz\/teslabikar-9-dil-energeticky-stitek\/#primaryimage"},"image":{"@id":"https:\/\/tesla-lighting.cz\/teslabikar-9-dil-energeticky-stitek\/#primaryimage"},"thumbnailUrl":"https:\/\/tesla-lighting.cz\/wp-content\/uploads\/2023\/12\/blog_9.jpg","datePublished":"2023-12-22T08:28:31+00:00","dateModified":"2024-01-02T07:11:50+00:00","description":"Nevyzn\u00e1te se v energetick\u00e9m \u0161t\u00edtku na produktech? V \u010dl\u00e1nku si \u0159ekneme v\u0161e, co pot\u0159ebujete zn\u00e1t, abyste pochopili energetick\u00fd \u0161t\u00edtek.","breadcrumb":{"@id":"https:\/\/tesla-lighting.cz\/teslabikar-9-dil-energeticky-stitek\/#breadcrumb"},"inLanguage":"en-US","potentialAction":[{"@type":"ReadAction","target":["https:\/\/tesla-lighting.cz\/teslabikar-9-dil-energeticky-stitek\/"]}]},{"@type":"ImageObject","inLanguage":"en-US","@id":"https:\/\/tesla-lighting.cz\/teslabikar-9-dil-energeticky-stitek\/#primaryimage","url":"https:\/\/tesla-lighting.cz\/wp-content\/uploads\/2023\/12\/blog_9.jpg","contentUrl":"https:\/\/tesla-lighting.cz\/wp-content\/uploads\/2023\/12\/blog_9.jpg","width":1160,"height":800},{"@type":"BreadcrumbList","@id":"https:\/\/tesla-lighting.cz\/teslabikar-9-dil-energeticky-stitek\/#breadcrumb","itemListElement":[{"@type":"ListItem","position":1,"name":"Dom\u016f","item":"https:\/\/tesla-lighting.cz\/"},{"@type":"ListItem","position":2,"name":"TESLAbik\u00e1\u0159 9. d\u00edl &#8211; Energetick\u00fd \u0161t\u00edtek aneb jak v n\u011bm \u010d\u00edst."}]},{"@type":"WebSite","@id":"https:\/\/tesla-lighting.cz\/#website","url":"https:\/\/tesla-lighting.cz\/","name":"Tesla lighting","description":"Tesla","publisher":{"@id":"https:\/\/tesla-lighting.cz\/#organization"},"potentialAction":[{"@type":"SearchAction","target":{"@type":"EntryPoint","urlTemplate":"https:\/\/tesla-lighting.cz\/?s={search_term_string}"},"query-input":{"@type":"PropertyValueSpecification","valueRequired":true,"valueName":"search_term_string"}}],"inLanguage":"en-US"},{"@type":"Organization","@id":"https:\/\/tesla-lighting.cz\/#organization","name":"Tesla lighting","url":"https:\/\/tesla-lighting.cz\/","logo":{"@type":"ImageObject","inLanguage":"en-US","@id":"https:\/\/tesla-lighting.cz\/#\/schema\/logo\/image\/","url":"https:\/\/tesla-lighting.cz\/wp-content\/uploads\/2022\/05\/TESLA_Lighting_logo.png","contentUrl":"https:\/\/tesla-lighting.cz\/wp-content\/uploads\/2022\/05\/TESLA_Lighting_logo.png","width":512,"height":251,"caption":"Tesla lighting"},"image":{"@id":"https:\/\/tesla-lighting.cz\/#\/schema\/logo\/image\/"},"sameAs":["https:\/\/www.facebook.com\/teslalightingcz","https:\/\/www.instagram.com\/teslalightingcz\/","https:\/\/www.linkedin.com\/company\/tesla-lighting-s-r-o-\/"]},{"@type":"Person","@id":"https:\/\/tesla-lighting.cz\/#\/schema\/person\/379d34659ef246afb9294aead3ee79fd","name":"Mat\u011bj Kv\u00ed\u010dala","image":{"@type":"ImageObject","inLanguage":"en-US","@id":"https:\/\/secure.gravatar.com\/avatar\/0703a14ab548368621418ff70471e2088f13b0f643f5baf87a8efc7e4f2d8823?s=96&d=mm&r=g","url":"https:\/\/secure.gravatar.com\/avatar\/0703a14ab548368621418ff70471e2088f13b0f643f5baf87a8efc7e4f2d8823?s=96&d=mm&r=g","contentUrl":"https:\/\/secure.gravatar.com\/avatar\/0703a14ab548368621418ff70471e2088f13b0f643f5baf87a8efc7e4f2d8823?s=96&d=mm&r=g","caption":"Mat\u011bj Kv\u00ed\u010dala"},"url":"https:\/\/tesla-lighting.cz\/en\/author\/kvicala-matejfwgatlantiso-eu\/"}]}},"_links":{"self":[{"href":"https:\/\/tesla-lighting.cz\/en\/wp-json\/wp\/v2\/posts\/47866","targetHints":{"allow":["GET"]}}],"collection":[{"href":"https:\/\/tesla-lighting.cz\/en\/wp-json\/wp\/v2\/posts"}],"about":[{"href":"https:\/\/tesla-lighting.cz\/en\/wp-json\/wp\/v2\/types\/post"}],"author":[{"embeddable":true,"href":"https:\/\/tesla-lighting.cz\/en\/wp-json\/wp\/v2\/users\/15"}],"replies":[{"embeddable":true,"href":"https:\/\/tesla-lighting.cz\/en\/wp-json\/wp\/v2\/comments?post=47866"}],"version-history":[{"count":0,"href":"https:\/\/tesla-lighting.cz\/en\/wp-json\/wp\/v2\/posts\/47866\/revisions"}],"wp:featuredmedia":[{"embeddable":true,"href":"https:\/\/tesla-lighting.cz\/en\/wp-json\/wp\/v2\/media\/47896"}],"wp:attachment":[{"href":"https:\/\/tesla-lighting.cz\/en\/wp-json\/wp\/v2\/media?parent=47866"}],"wp:term":[{"taxonomy":"category","embeddable":true,"href":"https:\/\/tesla-lighting.cz\/en\/wp-json\/wp\/v2\/categories?post=47866"},{"taxonomy":"post_tag","embeddable":true,"href":"https:\/\/tesla-lighting.cz\/en\/wp-json\/wp\/v2\/tags?post=47866"}],"curies":[{"name":"wp","href":"https:\/\/api.w.org\/{rel}","templated":true}]}}