{"id":47159,"date":"2023-01-25T15:17:58","date_gmt":"2023-01-25T15:17:58","guid":{"rendered":"https:\/\/tesla-lighting.cz\/?p=47159"},"modified":"2023-01-25T15:22:14","modified_gmt":"2023-01-25T15:22:14","slug":"teslabikar-aneb-jak-vybrat-spravnou-led-zarovku-6","status":"publish","type":"post","link":"https:\/\/tesla-lighting.cz\/en\/teslabikar-aneb-jak-vybrat-spravnou-led-zarovku-6\/","title":{"rendered":"Energy labels in the new"},"content":{"rendered":"<div data-elementor-type=\"wp-post\" data-elementor-id=\"47159\" class=\"elementor elementor-47159\" data-elementor-post-type=\"post\">\n\t\t\t\t\t\t<section class=\"elementor-section elementor-top-section elementor-element elementor-element-eadc2c5 elementor-section-boxed elementor-section-height-default elementor-section-height-default\" data-id=\"eadc2c5\" data-element_type=\"section\" data-e-type=\"section\">\n\t\t\t\t\t\t<div class=\"elementor-container elementor-column-gap-default\">\n\t\t\t\t\t<div class=\"elementor-column elementor-col-100 elementor-top-column elementor-element elementor-element-200542f\" data-id=\"200542f\" data-element_type=\"column\" data-e-type=\"column\">\n\t\t\t<div class=\"elementor-widget-wrap elementor-element-populated\">\n\t\t\t\t\t\t<div class=\"elementor-element elementor-element-01c09d0 elementor-widget elementor-widget-heading\" data-id=\"01c09d0\" data-element_type=\"widget\" data-e-type=\"widget\" data-widget_type=\"heading.default\">\n\t\t\t\t<div class=\"elementor-widget-container\">\n\t\t\t\t\t<h2 class=\"elementor-heading-title elementor-size-default\">Energy labels have a new look <\/h2>\t\t\t\t<\/div>\n\t\t\t\t<\/div>\n\t\t\t\t\t<\/div>\n\t\t<\/div>\n\t\t\t\t\t<\/div>\n\t\t<\/section>\n\t\t\t\t<section class=\"elementor-section elementor-top-section elementor-element elementor-element-63fd4e1 elementor-section-boxed elementor-section-height-default elementor-section-height-default\" data-id=\"63fd4e1\" data-element_type=\"section\" data-e-type=\"section\">\n\t\t\t\t\t\t<div class=\"elementor-container elementor-column-gap-default\">\n\t\t\t\t\t<div class=\"elementor-column elementor-col-100 elementor-top-column elementor-element elementor-element-5d12deb\" data-id=\"5d12deb\" data-element_type=\"column\" data-e-type=\"column\">\n\t\t\t<div class=\"elementor-widget-wrap elementor-element-populated\">\n\t\t\t\t\t\t<div class=\"elementor-element elementor-element-e8d4487 elementor-widget elementor-widget-text-editor\" data-id=\"e8d4487\" data-element_type=\"widget\" data-e-type=\"widget\" data-widget_type=\"text-editor.default\">\n\t\t\t\t<div class=\"elementor-widget-container\">\n\t\t\t\t\t\t\t\t\t<p style=\"text-align: left;\"><b><span data-contrast=\"auto\">You may have noticed in the store or online that when you buy light fittings and most appliances, you see more often the letters B or C next to the energy class. As of this year, there are new rules for energy labels. For example, the A++ class is a thing of the past.\u00a0<\/span><\/b><span data-ccp-props=\"{&quot;201341983&quot;:0,&quot;335559739&quot;:160,&quot;335559740&quot;:360}\">\u00a0<\/span><span data-ccp-props=\"{&quot;201341983&quot;:0,&quot;335559739&quot;:160,&quot;335559740&quot;:360}\">\u00a0<\/span><\/p><p style=\"text-align: left;\"><span data-contrast=\"auto\">For greater clarity and in view of the constant technological developments, the European Union has announced an update of the energy labels for most appliances on 1 March 2021. The new labels will be mandatory on all luminaires from 1 September.\u00a0<\/span><span data-ccp-props=\"{&quot;201341983&quot;:0,&quot;335559739&quot;:160,&quot;335559740&quot;:360}\">\u00a0<\/span><\/p><p style=\"text-align: left;\"><b><span data-contrast=\"auto\"><img decoding=\"async\" class=\"wp-image-47197 alignleft\" src=\"https:\/\/tesla-lighting.cz\/wp-content\/uploads\/2023\/01\/stitek-176x300.jpg\" alt=\"\" width=\"122\" height=\"208\" srcset=\"https:\/\/tesla-lighting.cz\/wp-content\/uploads\/2023\/01\/stitek-176x300.jpg 176w, https:\/\/tesla-lighting.cz\/wp-content\/uploads\/2023\/01\/stitek.jpg 498w\" sizes=\"(max-width: 122px) 100vw, 122px\" \/>And what does the current energy label of the luminaire look like?<\/span><\/b><span data-ccp-props=\"{&quot;201341983&quot;:0,&quot;335559739&quot;:160,&quot;335559740&quot;:360}\">\u00a0<\/span><\/p><p style=\"text-align: left;\"><span data-contrast=\"auto\">The labels are clearer and easier to understand. It is easier for consumers to decide which product to choose when making a purchase.\u00a0<\/span><span data-ccp-props=\"{&quot;201341983&quot;:0,&quot;335559739&quot;:160,&quot;335559740&quot;:360}\">\u00a0<\/span><\/p><p style=\"text-align: left;\"><span data-contrast=\"auto\">The main change is the abandonment of the A+, A++ and A+++ classes and a return to the A to G scale. The most efficient product is labelled A and the least efficient one G. Products from one existing class (e.g. A+++) can be placed in a different class (e.g. B or C) from this year, as the testing process for products has also changed.<\/span><span data-ccp-props=\"{&quot;201341983&quot;:0,&quot;335559739&quot;:160,&quot;335559740&quot;:360}\">\u00a0<\/span><\/p><p style=\"text-align: left;\"><span data-contrast=\"auto\">A new feature of energy labels is the QR code. When scanned with a smartphone or tablet, it displays a European product database with more detailed non-commercial information on the product.\u202f<\/span><span data-ccp-props=\"{&quot;201341983&quot;:0,&quot;335559739&quot;:160,&quot;335559740&quot;:360}\">\u00a0<\/span><\/p><p style=\"text-align: left;\"><span data-contrast=\"auto\">Energy labels with the new scale and QR codes can of course also be found on all TESLA lighting packaging.\u00a0<\/span><span data-ccp-props=\"{&quot;201341983&quot;:0,&quot;335559739&quot;:160,&quot;335559740&quot;:360}\">\u00a0<\/span><\/p><p style=\"text-align: left;\"><span class=\"TextRun SCXW238649665 BCX0\" lang=\"CS-CZ\" xml:lang=\"CS-CZ\" data-contrast=\"auto\"><span class=\"NormalTextRun SCXW238649665 BCX0\">If you want to know\u00a0<\/span><span class=\"NormalTextRun SCXW238649665 BCX0\">more<\/span><span class=\"NormalTextRun SCXW238649665 BCX0\">\u00a0on new energy labels<\/span><span class=\"NormalTextRun SCXW238649665 BCX0\">? Click on\u00a0<\/span><\/span><a class=\"Hyperlink SCXW238649665 BCX0\" href=\"http:\/\/www.label2020.cz\/\" target=\"_blank\" rel=\"noreferrer noopener\"><span class=\"TextRun Underlined SCXW238649665 BCX0\" lang=\"CS-CZ\" xml:lang=\"CS-CZ\" data-contrast=\"none\"><span class=\"NormalTextRun SCXW238649665 BCX0\" data-ccp-charstyle=\"Hyperlink\">www.label2020.cz\/<\/span><\/span><\/a><span class=\"TextRun SCXW238649665 BCX0\" lang=\"CS-CZ\" xml:lang=\"CS-CZ\" data-contrast=\"auto\"><span class=\"NormalTextRun SCXW238649665 BCX0\">.<\/span><\/span><span class=\"EOP SCXW238649665 BCX0\" data-ccp-props=\"{&quot;201341983&quot;:0,&quot;335559739&quot;:160,&quot;335559740&quot;:259}\">\u00a0<\/span><\/p>\t\t\t\t\t\t\t\t<\/div>\n\t\t\t\t<\/div>\n\t\t\t\t\t<\/div>\n\t\t<\/div>\n\t\t\t\t\t<\/div>\n\t\t<\/section>\n\t\t\t\t<\/div>","protected":false},"excerpt":{"rendered":"<p>Energick\u00e9 \u0161t\u00edtky maj\u00ed novou podobu Mo\u017en\u00e1 jste si v\u0161imli v\u202fobchod\u011b nebo&nbsp;na&nbsp;internetu, \u017ee&nbsp;p\u0159i n\u00e1kupu&nbsp;sv\u00edtidel&nbsp;a&nbsp;v\u011bt\u0161iny&nbsp;spot\u0159ebi\u010d\u016f&nbsp;vid\u00edte \u010dast\u011bji&nbsp;u energetick\u00e9 t\u0159\u00eddy&nbsp;p\u00edsmena B nebo C.&nbsp;&nbsp;Zrak v\u00e1s ne\u0161\u00e1l\u00ed.&nbsp;Od tohoto roku plat\u00ed pro energetick\u00e9 \u0161t\u00edtky nov\u00e1 pravidla.&nbsp;Nap\u0159. takov\u00e1&nbsp;t\u0159\u00edda A++ je minulost\u00ed.&nbsp;&nbsp;&nbsp; Pro v\u011bt\u0161\u00ed srozumitelnost a s ohledem na neust\u00e1l\u00fd technologick\u00fd v\u00fdvoj ohl\u00e1sila Evropsk\u00e1 unie k\u202f1. 3. 2021 aktualizaci energetick\u00fdch \u0161t\u00edtk\u016f&nbsp;u v\u011bt\u0161iny spot\u0159ebi\u010d\u016f. Na [&hellip;]<\/p>\n","protected":false},"author":11,"featured_media":47205,"comment_status":"closed","ping_status":"closed","sticky":false,"template":"","format":"standard","meta":{"footnotes":""},"categories":[36],"tags":[],"class_list":["post-47159","post","type-post","status-publish","format-standard","has-post-thumbnail","hentry","category-novinky"],"yoast_head":"<!-- This site is optimized with the Yoast SEO plugin v27.5 - https:\/\/yoast.com\/product\/yoast-seo-wordpress\/ -->\n<title>Energick\u00e9 \u0161t\u00edtky v nov\u00e9m - Tesla lighting<\/title>\n<meta name=\"robots\" content=\"index, follow, max-snippet:-1, max-image-preview:large, max-video-preview:-1\" \/>\n<link rel=\"canonical\" href=\"https:\/\/tesla-lighting.cz\/en\/teslabikar-aneb-jak-vybrat-spravnou-led-zarovku-6\/\" \/>\n<meta property=\"og:locale\" content=\"en_US\" \/>\n<meta property=\"og:type\" content=\"article\" \/>\n<meta property=\"og:title\" content=\"Energick\u00e9 \u0161t\u00edtky v nov\u00e9m - Tesla lighting\" \/>\n<meta property=\"og:description\" content=\"Energick\u00e9 \u0161t\u00edtky maj\u00ed novou podobu Mo\u017en\u00e1 jste si v\u0161imli v\u202fobchod\u011b nebo&nbsp;na&nbsp;internetu, \u017ee&nbsp;p\u0159i n\u00e1kupu&nbsp;sv\u00edtidel&nbsp;a&nbsp;v\u011bt\u0161iny&nbsp;spot\u0159ebi\u010d\u016f&nbsp;vid\u00edte \u010dast\u011bji&nbsp;u energetick\u00e9 t\u0159\u00eddy&nbsp;p\u00edsmena B nebo C.&nbsp;&nbsp;Zrak v\u00e1s ne\u0161\u00e1l\u00ed.&nbsp;Od tohoto roku plat\u00ed pro energetick\u00e9 \u0161t\u00edtky nov\u00e1 pravidla.&nbsp;Nap\u0159. takov\u00e1&nbsp;t\u0159\u00edda A++ je minulost\u00ed.&nbsp;&nbsp;&nbsp; Pro v\u011bt\u0161\u00ed srozumitelnost a s ohledem na neust\u00e1l\u00fd technologick\u00fd v\u00fdvoj ohl\u00e1sila Evropsk\u00e1 unie k\u202f1. 3. 2021 aktualizaci energetick\u00fdch \u0161t\u00edtk\u016f&nbsp;u v\u011bt\u0161iny spot\u0159ebi\u010d\u016f. Na [&hellip;]\" \/>\n<meta property=\"og:url\" content=\"https:\/\/tesla-lighting.cz\/en\/teslabikar-aneb-jak-vybrat-spravnou-led-zarovku-6\/\" \/>\n<meta property=\"og:site_name\" content=\"Tesla lighting\" \/>\n<meta property=\"article:publisher\" content=\"https:\/\/www.facebook.com\/teslalightingcz\" \/>\n<meta property=\"article:published_time\" content=\"2023-01-25T15:17:58+00:00\" \/>\n<meta property=\"article:modified_time\" content=\"2023-01-25T15:22:14+00:00\" \/>\n<meta property=\"og:image\" content=\"https:\/\/tesla-lighting.cz\/wp-content\/uploads\/2023\/01\/2877_tesla-led-zarovka-bulb-e27-11w-230v-1055lm-25-000h-3000k-tepla-bila-220st.jpg\" \/>\n\t<meta property=\"og:image:width\" content=\"669\" \/>\n\t<meta property=\"og:image:height\" content=\"670\" \/>\n\t<meta property=\"og:image:type\" content=\"image\/jpeg\" \/>\n<meta name=\"author\" content=\"Pavel M\u00fchl\" \/>\n<meta name=\"twitter:card\" content=\"summary_large_image\" \/>\n<meta name=\"twitter:label1\" content=\"Written by\" \/>\n\t<meta name=\"twitter:data1\" content=\"Pavel M\u00fchl\" \/>\n\t<meta name=\"twitter:label2\" content=\"Est. reading time\" \/>\n\t<meta name=\"twitter:data2\" content=\"2 minutes\" \/>\n<script type=\"application\/ld+json\" class=\"yoast-schema-graph\">{\"@context\":\"https:\\\/\\\/schema.org\",\"@graph\":[{\"@type\":\"Article\",\"@id\":\"https:\\\/\\\/tesla-lighting.cz\\\/teslabikar-aneb-jak-vybrat-spravnou-led-zarovku-6\\\/#article\",\"isPartOf\":{\"@id\":\"https:\\\/\\\/tesla-lighting.cz\\\/teslabikar-aneb-jak-vybrat-spravnou-led-zarovku-6\\\/\"},\"author\":{\"name\":\"Pavel M\u00fchl\",\"@id\":\"https:\\\/\\\/tesla-lighting.cz\\\/#\\\/schema\\\/person\\\/9f256fc7712ff35f9bbe6da93d95ac59\"},\"headline\":\"Energick\u00e9 \u0161t\u00edtky v nov\u00e9m\",\"datePublished\":\"2023-01-25T15:17:58+00:00\",\"dateModified\":\"2023-01-25T15:22:14+00:00\",\"mainEntityOfPage\":{\"@id\":\"https:\\\/\\\/tesla-lighting.cz\\\/teslabikar-aneb-jak-vybrat-spravnou-led-zarovku-6\\\/\"},\"wordCount\":365,\"publisher\":{\"@id\":\"https:\\\/\\\/tesla-lighting.cz\\\/#organization\"},\"image\":{\"@id\":\"https:\\\/\\\/tesla-lighting.cz\\\/teslabikar-aneb-jak-vybrat-spravnou-led-zarovku-6\\\/#primaryimage\"},\"thumbnailUrl\":\"https:\\\/\\\/tesla-lighting.cz\\\/wp-content\\\/uploads\\\/2023\\\/01\\\/2877_tesla-led-zarovka-bulb-e27-11w-230v-1055lm-25-000h-3000k-tepla-bila-220st.jpg\",\"articleSection\":[\"Novinky\"],\"inLanguage\":\"en-US\"},{\"@type\":\"WebPage\",\"@id\":\"https:\\\/\\\/tesla-lighting.cz\\\/teslabikar-aneb-jak-vybrat-spravnou-led-zarovku-6\\\/\",\"url\":\"https:\\\/\\\/tesla-lighting.cz\\\/teslabikar-aneb-jak-vybrat-spravnou-led-zarovku-6\\\/\",\"name\":\"Energick\u00e9 \u0161t\u00edtky v nov\u00e9m - Tesla lighting\",\"isPartOf\":{\"@id\":\"https:\\\/\\\/tesla-lighting.cz\\\/#website\"},\"primaryImageOfPage\":{\"@id\":\"https:\\\/\\\/tesla-lighting.cz\\\/teslabikar-aneb-jak-vybrat-spravnou-led-zarovku-6\\\/#primaryimage\"},\"image\":{\"@id\":\"https:\\\/\\\/tesla-lighting.cz\\\/teslabikar-aneb-jak-vybrat-spravnou-led-zarovku-6\\\/#primaryimage\"},\"thumbnailUrl\":\"https:\\\/\\\/tesla-lighting.cz\\\/wp-content\\\/uploads\\\/2023\\\/01\\\/2877_tesla-led-zarovka-bulb-e27-11w-230v-1055lm-25-000h-3000k-tepla-bila-220st.jpg\",\"datePublished\":\"2023-01-25T15:17:58+00:00\",\"dateModified\":\"2023-01-25T15:22:14+00:00\",\"breadcrumb\":{\"@id\":\"https:\\\/\\\/tesla-lighting.cz\\\/teslabikar-aneb-jak-vybrat-spravnou-led-zarovku-6\\\/#breadcrumb\"},\"inLanguage\":\"en-US\",\"potentialAction\":[{\"@type\":\"ReadAction\",\"target\":[\"https:\\\/\\\/tesla-lighting.cz\\\/teslabikar-aneb-jak-vybrat-spravnou-led-zarovku-6\\\/\"]}]},{\"@type\":\"ImageObject\",\"inLanguage\":\"en-US\",\"@id\":\"https:\\\/\\\/tesla-lighting.cz\\\/teslabikar-aneb-jak-vybrat-spravnou-led-zarovku-6\\\/#primaryimage\",\"url\":\"https:\\\/\\\/tesla-lighting.cz\\\/wp-content\\\/uploads\\\/2023\\\/01\\\/2877_tesla-led-zarovka-bulb-e27-11w-230v-1055lm-25-000h-3000k-tepla-bila-220st.jpg\",\"contentUrl\":\"https:\\\/\\\/tesla-lighting.cz\\\/wp-content\\\/uploads\\\/2023\\\/01\\\/2877_tesla-led-zarovka-bulb-e27-11w-230v-1055lm-25-000h-3000k-tepla-bila-220st.jpg\",\"width\":669,\"height\":670},{\"@type\":\"BreadcrumbList\",\"@id\":\"https:\\\/\\\/tesla-lighting.cz\\\/teslabikar-aneb-jak-vybrat-spravnou-led-zarovku-6\\\/#breadcrumb\",\"itemListElement\":[{\"@type\":\"ListItem\",\"position\":1,\"name\":\"Dom\u016f\",\"item\":\"https:\\\/\\\/tesla-lighting.cz\\\/\"},{\"@type\":\"ListItem\",\"position\":2,\"name\":\"Energick\u00e9 \u0161t\u00edtky v nov\u00e9m\"}]},{\"@type\":\"WebSite\",\"@id\":\"https:\\\/\\\/tesla-lighting.cz\\\/#website\",\"url\":\"https:\\\/\\\/tesla-lighting.cz\\\/\",\"name\":\"Tesla lighting\",\"description\":\"Tesla\",\"publisher\":{\"@id\":\"https:\\\/\\\/tesla-lighting.cz\\\/#organization\"},\"potentialAction\":[{\"@type\":\"SearchAction\",\"target\":{\"@type\":\"EntryPoint\",\"urlTemplate\":\"https:\\\/\\\/tesla-lighting.cz\\\/?s={search_term_string}\"},\"query-input\":{\"@type\":\"PropertyValueSpecification\",\"valueRequired\":true,\"valueName\":\"search_term_string\"}}],\"inLanguage\":\"en-US\"},{\"@type\":\"Organization\",\"@id\":\"https:\\\/\\\/tesla-lighting.cz\\\/#organization\",\"name\":\"Tesla lighting\",\"url\":\"https:\\\/\\\/tesla-lighting.cz\\\/\",\"logo\":{\"@type\":\"ImageObject\",\"inLanguage\":\"en-US\",\"@id\":\"https:\\\/\\\/tesla-lighting.cz\\\/#\\\/schema\\\/logo\\\/image\\\/\",\"url\":\"https:\\\/\\\/tesla-lighting.cz\\\/wp-content\\\/uploads\\\/2022\\\/05\\\/TESLA_Lighting_logo.png\",\"contentUrl\":\"https:\\\/\\\/tesla-lighting.cz\\\/wp-content\\\/uploads\\\/2022\\\/05\\\/TESLA_Lighting_logo.png\",\"width\":512,\"height\":251,\"caption\":\"Tesla lighting\"},\"image\":{\"@id\":\"https:\\\/\\\/tesla-lighting.cz\\\/#\\\/schema\\\/logo\\\/image\\\/\"},\"sameAs\":[\"https:\\\/\\\/www.facebook.com\\\/teslalightingcz\",\"https:\\\/\\\/www.instagram.com\\\/teslalightingcz\\\/\",\"https:\\\/\\\/www.linkedin.com\\\/company\\\/tesla-lighting-s-r-o-\\\/\"]},{\"@type\":\"Person\",\"@id\":\"https:\\\/\\\/tesla-lighting.cz\\\/#\\\/schema\\\/person\\\/9f256fc7712ff35f9bbe6da93d95ac59\",\"name\":\"Pavel M\u00fchl\",\"image\":{\"@type\":\"ImageObject\",\"inLanguage\":\"en-US\",\"@id\":\"https:\\\/\\\/secure.gravatar.com\\\/avatar\\\/b979fe7789093116a73401d85fee77c996b6555fbc57c698234d505a21b17be8?s=96&d=mm&r=g\",\"url\":\"https:\\\/\\\/secure.gravatar.com\\\/avatar\\\/b979fe7789093116a73401d85fee77c996b6555fbc57c698234d505a21b17be8?s=96&d=mm&r=g\",\"contentUrl\":\"https:\\\/\\\/secure.gravatar.com\\\/avatar\\\/b979fe7789093116a73401d85fee77c996b6555fbc57c698234d505a21b17be8?s=96&d=mm&r=g\",\"caption\":\"Pavel M\u00fchl\"},\"url\":\"https:\\\/\\\/tesla-lighting.cz\\\/en\\\/author\\\/muhl-pavelsolverita-cz\\\/\"}]}<\/script>\n<!-- \/ Yoast SEO plugin. -->","yoast_head_json":{"title":"Energick\u00e9 \u0161t\u00edtky v nov\u00e9m - Tesla lighting","robots":{"index":"index","follow":"follow","max-snippet":"max-snippet:-1","max-image-preview":"max-image-preview:large","max-video-preview":"max-video-preview:-1"},"canonical":"https:\/\/tesla-lighting.cz\/en\/teslabikar-aneb-jak-vybrat-spravnou-led-zarovku-6\/","og_locale":"en_US","og_type":"article","og_title":"Energick\u00e9 \u0161t\u00edtky v nov\u00e9m - Tesla lighting","og_description":"Energick\u00e9 \u0161t\u00edtky maj\u00ed novou podobu Mo\u017en\u00e1 jste si v\u0161imli v\u202fobchod\u011b nebo&nbsp;na&nbsp;internetu, \u017ee&nbsp;p\u0159i n\u00e1kupu&nbsp;sv\u00edtidel&nbsp;a&nbsp;v\u011bt\u0161iny&nbsp;spot\u0159ebi\u010d\u016f&nbsp;vid\u00edte \u010dast\u011bji&nbsp;u energetick\u00e9 t\u0159\u00eddy&nbsp;p\u00edsmena B nebo C.&nbsp;&nbsp;Zrak v\u00e1s ne\u0161\u00e1l\u00ed.&nbsp;Od tohoto roku plat\u00ed pro energetick\u00e9 \u0161t\u00edtky nov\u00e1 pravidla.&nbsp;Nap\u0159. takov\u00e1&nbsp;t\u0159\u00edda A++ je minulost\u00ed.&nbsp;&nbsp;&nbsp; Pro v\u011bt\u0161\u00ed srozumitelnost a s ohledem na neust\u00e1l\u00fd technologick\u00fd v\u00fdvoj ohl\u00e1sila Evropsk\u00e1 unie k\u202f1. 3. 2021 aktualizaci energetick\u00fdch \u0161t\u00edtk\u016f&nbsp;u v\u011bt\u0161iny spot\u0159ebi\u010d\u016f. Na [&hellip;]","og_url":"https:\/\/tesla-lighting.cz\/en\/teslabikar-aneb-jak-vybrat-spravnou-led-zarovku-6\/","og_site_name":"Tesla lighting","article_publisher":"https:\/\/www.facebook.com\/teslalightingcz","article_published_time":"2023-01-25T15:17:58+00:00","article_modified_time":"2023-01-25T15:22:14+00:00","og_image":[{"width":669,"height":670,"url":"https:\/\/tesla-lighting.cz\/wp-content\/uploads\/2023\/01\/2877_tesla-led-zarovka-bulb-e27-11w-230v-1055lm-25-000h-3000k-tepla-bila-220st.jpg","type":"image\/jpeg"}],"author":"Pavel M\u00fchl","twitter_card":"summary_large_image","twitter_misc":{"Written by":"Pavel M\u00fchl","Est. reading time":"2 minutes"},"schema":{"@context":"https:\/\/schema.org","@graph":[{"@type":"Article","@id":"https:\/\/tesla-lighting.cz\/teslabikar-aneb-jak-vybrat-spravnou-led-zarovku-6\/#article","isPartOf":{"@id":"https:\/\/tesla-lighting.cz\/teslabikar-aneb-jak-vybrat-spravnou-led-zarovku-6\/"},"author":{"name":"Pavel M\u00fchl","@id":"https:\/\/tesla-lighting.cz\/#\/schema\/person\/9f256fc7712ff35f9bbe6da93d95ac59"},"headline":"Energick\u00e9 \u0161t\u00edtky v nov\u00e9m","datePublished":"2023-01-25T15:17:58+00:00","dateModified":"2023-01-25T15:22:14+00:00","mainEntityOfPage":{"@id":"https:\/\/tesla-lighting.cz\/teslabikar-aneb-jak-vybrat-spravnou-led-zarovku-6\/"},"wordCount":365,"publisher":{"@id":"https:\/\/tesla-lighting.cz\/#organization"},"image":{"@id":"https:\/\/tesla-lighting.cz\/teslabikar-aneb-jak-vybrat-spravnou-led-zarovku-6\/#primaryimage"},"thumbnailUrl":"https:\/\/tesla-lighting.cz\/wp-content\/uploads\/2023\/01\/2877_tesla-led-zarovka-bulb-e27-11w-230v-1055lm-25-000h-3000k-tepla-bila-220st.jpg","articleSection":["Novinky"],"inLanguage":"en-US"},{"@type":"WebPage","@id":"https:\/\/tesla-lighting.cz\/teslabikar-aneb-jak-vybrat-spravnou-led-zarovku-6\/","url":"https:\/\/tesla-lighting.cz\/teslabikar-aneb-jak-vybrat-spravnou-led-zarovku-6\/","name":"Energick\u00e9 \u0161t\u00edtky v nov\u00e9m - Tesla lighting","isPartOf":{"@id":"https:\/\/tesla-lighting.cz\/#website"},"primaryImageOfPage":{"@id":"https:\/\/tesla-lighting.cz\/teslabikar-aneb-jak-vybrat-spravnou-led-zarovku-6\/#primaryimage"},"image":{"@id":"https:\/\/tesla-lighting.cz\/teslabikar-aneb-jak-vybrat-spravnou-led-zarovku-6\/#primaryimage"},"thumbnailUrl":"https:\/\/tesla-lighting.cz\/wp-content\/uploads\/2023\/01\/2877_tesla-led-zarovka-bulb-e27-11w-230v-1055lm-25-000h-3000k-tepla-bila-220st.jpg","datePublished":"2023-01-25T15:17:58+00:00","dateModified":"2023-01-25T15:22:14+00:00","breadcrumb":{"@id":"https:\/\/tesla-lighting.cz\/teslabikar-aneb-jak-vybrat-spravnou-led-zarovku-6\/#breadcrumb"},"inLanguage":"en-US","potentialAction":[{"@type":"ReadAction","target":["https:\/\/tesla-lighting.cz\/teslabikar-aneb-jak-vybrat-spravnou-led-zarovku-6\/"]}]},{"@type":"ImageObject","inLanguage":"en-US","@id":"https:\/\/tesla-lighting.cz\/teslabikar-aneb-jak-vybrat-spravnou-led-zarovku-6\/#primaryimage","url":"https:\/\/tesla-lighting.cz\/wp-content\/uploads\/2023\/01\/2877_tesla-led-zarovka-bulb-e27-11w-230v-1055lm-25-000h-3000k-tepla-bila-220st.jpg","contentUrl":"https:\/\/tesla-lighting.cz\/wp-content\/uploads\/2023\/01\/2877_tesla-led-zarovka-bulb-e27-11w-230v-1055lm-25-000h-3000k-tepla-bila-220st.jpg","width":669,"height":670},{"@type":"BreadcrumbList","@id":"https:\/\/tesla-lighting.cz\/teslabikar-aneb-jak-vybrat-spravnou-led-zarovku-6\/#breadcrumb","itemListElement":[{"@type":"ListItem","position":1,"name":"Dom\u016f","item":"https:\/\/tesla-lighting.cz\/"},{"@type":"ListItem","position":2,"name":"Energick\u00e9 \u0161t\u00edtky v nov\u00e9m"}]},{"@type":"WebSite","@id":"https:\/\/tesla-lighting.cz\/#website","url":"https:\/\/tesla-lighting.cz\/","name":"Tesla lighting","description":"Tesla","publisher":{"@id":"https:\/\/tesla-lighting.cz\/#organization"},"potentialAction":[{"@type":"SearchAction","target":{"@type":"EntryPoint","urlTemplate":"https:\/\/tesla-lighting.cz\/?s={search_term_string}"},"query-input":{"@type":"PropertyValueSpecification","valueRequired":true,"valueName":"search_term_string"}}],"inLanguage":"en-US"},{"@type":"Organization","@id":"https:\/\/tesla-lighting.cz\/#organization","name":"Tesla lighting","url":"https:\/\/tesla-lighting.cz\/","logo":{"@type":"ImageObject","inLanguage":"en-US","@id":"https:\/\/tesla-lighting.cz\/#\/schema\/logo\/image\/","url":"https:\/\/tesla-lighting.cz\/wp-content\/uploads\/2022\/05\/TESLA_Lighting_logo.png","contentUrl":"https:\/\/tesla-lighting.cz\/wp-content\/uploads\/2022\/05\/TESLA_Lighting_logo.png","width":512,"height":251,"caption":"Tesla lighting"},"image":{"@id":"https:\/\/tesla-lighting.cz\/#\/schema\/logo\/image\/"},"sameAs":["https:\/\/www.facebook.com\/teslalightingcz","https:\/\/www.instagram.com\/teslalightingcz\/","https:\/\/www.linkedin.com\/company\/tesla-lighting-s-r-o-\/"]},{"@type":"Person","@id":"https:\/\/tesla-lighting.cz\/#\/schema\/person\/9f256fc7712ff35f9bbe6da93d95ac59","name":"Pavel M\u00fchl","image":{"@type":"ImageObject","inLanguage":"en-US","@id":"https:\/\/secure.gravatar.com\/avatar\/b979fe7789093116a73401d85fee77c996b6555fbc57c698234d505a21b17be8?s=96&d=mm&r=g","url":"https:\/\/secure.gravatar.com\/avatar\/b979fe7789093116a73401d85fee77c996b6555fbc57c698234d505a21b17be8?s=96&d=mm&r=g","contentUrl":"https:\/\/secure.gravatar.com\/avatar\/b979fe7789093116a73401d85fee77c996b6555fbc57c698234d505a21b17be8?s=96&d=mm&r=g","caption":"Pavel M\u00fchl"},"url":"https:\/\/tesla-lighting.cz\/en\/author\/muhl-pavelsolverita-cz\/"}]}},"_links":{"self":[{"href":"https:\/\/tesla-lighting.cz\/en\/wp-json\/wp\/v2\/posts\/47159","targetHints":{"allow":["GET"]}}],"collection":[{"href":"https:\/\/tesla-lighting.cz\/en\/wp-json\/wp\/v2\/posts"}],"about":[{"href":"https:\/\/tesla-lighting.cz\/en\/wp-json\/wp\/v2\/types\/post"}],"author":[{"embeddable":true,"href":"https:\/\/tesla-lighting.cz\/en\/wp-json\/wp\/v2\/users\/11"}],"replies":[{"embeddable":true,"href":"https:\/\/tesla-lighting.cz\/en\/wp-json\/wp\/v2\/comments?post=47159"}],"version-history":[{"count":0,"href":"https:\/\/tesla-lighting.cz\/en\/wp-json\/wp\/v2\/posts\/47159\/revisions"}],"wp:featuredmedia":[{"embeddable":true,"href":"https:\/\/tesla-lighting.cz\/en\/wp-json\/wp\/v2\/media\/47205"}],"wp:attachment":[{"href":"https:\/\/tesla-lighting.cz\/en\/wp-json\/wp\/v2\/media?parent=47159"}],"wp:term":[{"taxonomy":"category","embeddable":true,"href":"https:\/\/tesla-lighting.cz\/en\/wp-json\/wp\/v2\/categories?post=47159"},{"taxonomy":"post_tag","embeddable":true,"href":"https:\/\/tesla-lighting.cz\/en\/wp-json\/wp\/v2\/tags?post=47159"}],"curies":[{"name":"wp","href":"https:\/\/api.w.org\/{rel}","templated":true}]}}